{"id":80,"date":"2023-05-03T14:09:16","date_gmt":"2023-05-03T17:09:16","guid":{"rendered":"https:\/\/napq.eba.ufmg.br\/?p=80"},"modified":"2023-05-22T13:59:36","modified_gmt":"2023-05-22T16:59:36","slug":"experiencias-descoloniais","status":"publish","type":"post","link":"https:\/\/napq.eba.ufmg.br\/index.php\/2023\/05\/03\/experiencias-descoloniais\/","title":{"rendered":"Experi\u00eancias Descoloniais"},"content":{"rendered":"\n<p>Um grupo sobre pensamento descolonial aplicado \u00e0s artes .<\/p>\n\n\n\n<p>Reuni\u00f5es quinzenais \u00e0s sextas-feiras das 14h00 \u00e0s 16h00 no ateli\u00ea 7 no terceiro andar da EBA-UFMG<\/p>\n\n\n\n<p><strong>Calend\u00e1rio de maio 2023\/1<\/strong><\/p>\n\n\n\n<figure class=\"wp-block-gallery has-nested-images columns-default is-cropped wp-block-gallery-1 is-layout-flex wp-block-gallery-is-layout-flex\">\n<figure class=\"wp-block-image size-large\"><img loading=\"lazy\" decoding=\"async\" width=\"1024\" height=\"576\" data-id=\"89\" src=\"https:\/\/i0.wp.com\/napq.eba.ufmg.br\/wp-content\/uploads\/2023\/05\/Experiencias-Descoloniais-1.jpg?resize=1024%2C576&#038;ssl=1\" alt=\"\" class=\"wp-image-89\" srcset=\"https:\/\/i0.wp.com\/napq.eba.ufmg.br\/wp-content\/uploads\/2023\/05\/Experiencias-Descoloniais-1.jpg?resize=1024%2C576&amp;ssl=1 1024w, https:\/\/i0.wp.com\/napq.eba.ufmg.br\/wp-content\/uploads\/2023\/05\/Experiencias-Descoloniais-1.jpg?resize=300%2C169&amp;ssl=1 300w, https:\/\/i0.wp.com\/napq.eba.ufmg.br\/wp-content\/uploads\/2023\/05\/Experiencias-Descoloniais-1.jpg?resize=768%2C432&amp;ssl=1 768w, https:\/\/i0.wp.com\/napq.eba.ufmg.br\/wp-content\/uploads\/2023\/05\/Experiencias-Descoloniais-1.jpg?resize=1536%2C864&amp;ssl=1 1536w, https:\/\/i0.wp.com\/napq.eba.ufmg.br\/wp-content\/uploads\/2023\/05\/Experiencias-Descoloniais-1.jpg?w=1920&amp;ssl=1 1920w\" sizes=\"auto, (max-width: 1000px) 100vw, 1000px\" data-recalc-dims=\"1\" \/><\/figure>\n<\/figure>\n\n\n\n<h2 class=\"wp-block-heading has-medium-font-size\">05\/05 \u2013 <a href=\"https:\/\/files.cercomp.ufg.br\/weby\/up\/1154\/o\/Interseccionalidade_(Feminismos_Plurais)_-_Carla_Akotirene.pdf?1599239359\">\u201cInterseccionalidade\u201d \u2013 Carla Akotirene<\/a><\/h2>\n\n\n\n<h2 class=\"wp-block-heading has-medium-font-size\">19\/05 \u2013 \u201c<a href=\"https:\/\/drive.google.com\/file\/d\/10kc6isHZGuld83TfgA_ohjP7I5fLVJoW\/view?usp=sharing\">Sobre a fabrica\u00e7\u00e3o gradativa de pensamentos durante a fala<\/a>\u201d \u2013 Heinrich von Kleist<\/h2>\n\n\n\n<h2 class=\"wp-block-heading has-medium-font-size\"><strong>A respons\u00e1vel: Rachel Cec\u00edlia \u00e9 professora, cr\u00edtica de arte e curadora<\/strong><\/h2>\n\n\n\n<h2 class=\"wp-block-heading has-medium-font-size\"><\/h2>\n","protected":false},"excerpt":{"rendered":"<p>Um grupo sobre pensamento descolonial aplicado \u00e0s artes . Reuni\u00f5es quinzenais \u00e0s sextas-feiras das 14h00 \u00e0s 16h00 no ateli\u00ea 7 no terceiro andar da EBA-UFMG Calend\u00e1rio de maio 2023\/1 05\/05 \u2013 \u201cInterseccionalidade\u201d \u2013 Carla Akotirene 19\/05 \u2013 \u201cSobre a fabrica\u00e7\u00e3o gradativa de pensamentos durante a fala\u201d \u2013 Heinrich von Kleist A respons\u00e1vel: Rachel Cec\u00edlia \u00e9 [&hellip;]<\/p>\n","protected":false},"author":1,"featured_media":0,"comment_status":"open","ping_status":"open","sticky":false,"template":"","format":"standard","meta":{"saved_in_kubio":false,"footnotes":""},"categories":[1],"tags":[],"class_list":["post-80","post","type-post","status-publish","format-standard","hentry","category-sem-categoria"],"_links":{"self":[{"href":"https:\/\/napq.eba.ufmg.br\/index.php\/wp-json\/wp\/v2\/posts\/80","targetHints":{"allow":["GET"]}}],"collection":[{"href":"https:\/\/napq.eba.ufmg.br\/index.php\/wp-json\/wp\/v2\/posts"}],"about":[{"href":"https:\/\/napq.eba.ufmg.br\/index.php\/wp-json\/wp\/v2\/types\/post"}],"author":[{"embeddable":true,"href":"https:\/\/napq.eba.ufmg.br\/index.php\/wp-json\/wp\/v2\/users\/1"}],"replies":[{"embeddable":true,"href":"https:\/\/napq.eba.ufmg.br\/index.php\/wp-json\/wp\/v2\/comments?post=80"}],"version-history":[{"count":4,"href":"https:\/\/napq.eba.ufmg.br\/index.php\/wp-json\/wp\/v2\/posts\/80\/revisions"}],"predecessor-version":[{"id":192,"href":"https:\/\/napq.eba.ufmg.br\/index.php\/wp-json\/wp\/v2\/posts\/80\/revisions\/192"}],"wp:attachment":[{"href":"https:\/\/napq.eba.ufmg.br\/index.php\/wp-json\/wp\/v2\/media?parent=80"}],"wp:term":[{"taxonomy":"category","embeddable":true,"href":"https:\/\/napq.eba.ufmg.br\/index.php\/wp-json\/wp\/v2\/categories?post=80"},{"taxonomy":"post_tag","embeddable":true,"href":"https:\/\/napq.eba.ufmg.br\/index.php\/wp-json\/wp\/v2\/tags?post=80"}],"curies":[{"name":"wp","href":"https:\/\/api.w.org\/{rel}","templated":true}]}}