{"id":162,"date":"2023-05-16T11:50:09","date_gmt":"2023-05-16T14:50:09","guid":{"rendered":"https:\/\/napq.eba.ufmg.br\/?p=162"},"modified":"2023-05-22T15:06:57","modified_gmt":"2023-05-22T18:06:57","slug":"nucleo-transdiciplinar-de-pesquisa-em-artes-cenicas-nace","status":"publish","type":"post","link":"https:\/\/napq.eba.ufmg.br\/index.php\/2023\/05\/16\/nucleo-transdiciplinar-de-pesquisa-em-artes-cenicas-nace\/","title":{"rendered":"N\u00facleo Transdiciplinar de Pesquisa em Artes C\u00eanicas \u2013 NACE"},"content":{"rendered":"\n<p class=\"has-text-align-justify\">O&nbsp;<strong>NACE \u2013 N\u00facleo Transdiciplinar de Pesquisa em Artes C\u00eanicas<\/strong>&nbsp;\u00e9 um&nbsp;Grupo de Pesquisa&nbsp;formado em 2003 que atua na \u00e1rea predominante de Lingu\u00edstica, Letras e Artes. \u00c9 um Grupo de Pesquisa do Departamento de Fotografia, Teatro e Cinema da Escola de Belas Artes da UFMG.<\/p>\n\n\n\n<h3 class=\"wp-block-heading\"><strong>Repercuss\u00f5es do trabalho do grupo<\/strong><\/h3>\n\n\n\n<p class=\"has-text-align-justify\">O NACE, N\u00facleo de Pesquisa Transdisciplinar em Artes C\u00eanicas, foi criado em 2003 e \u00e9 composto por professores do quadro efetivo do Curso de Gradua\u00e7\u00e3o em Teatro da EBA\/UFMG e por professores de outras \u00e1reas afins, como a Escola de Educa\u00e7\u00e3o F\u00edsica da UFMG.<\/p>\n\n\n\n<p>Seu objetivo \u00e9 fomentar, desenvolver&nbsp;e inter-relacionar o trabalho de seus pesquisadores em seis&nbsp;linhas de pesquisa, a saber:<\/p>\n\n\n\n<ol class=\"wp-block-list\">\n<li>Processos de Cria\u00e7\u00e3o C\u00eanica: Pesquisa sobre os processos de cria\u00e7\u00e3o de espet\u00e1culo c\u00eanicos da contemporaneidade.<\/li>\n\n\n\n<li>Forma\u00e7\u00e3o do Criador C\u00eanico: Pesquisa sobre a forma\u00e7\u00e3o do criador c\u00eanico em seus aspectos pr\u00e1ticos, te\u00f3ricos e pedag\u00f3gicos.<\/li>\n\n\n\n<li>Processos formativos em Teatro e Dan\u00e7a<\/li>\n\n\n\n<li>Estudos Corporais<\/li>\n\n\n\n<li>Teatro e Sociedade<\/li>\n\n\n\n<li>Estudos vocais e musicais em Teatro<\/li>\n<\/ol>\n\n\n\n<p>O car\u00e1ter transdisciplinar das pesquisas deste grupo se ap\u00f3ia nas m\u00faltiplas refer\u00eancias que os pesquisadores aportam em fun\u00e7\u00e3o de seus percursos acad\u00eamicos e art\u00edsticos.<\/p>\n\n\n\n<p class=\"has-text-align-justify\">Em reuni\u00f5es bimestrais os trabalhos em andamento e os resultados das pesquisas s\u00e3o apresentados, alimentando uma reflex\u00e3o comum sobre os processos de cria\u00e7\u00e3o e forma\u00e7\u00e3o do criador c\u00eanico. Para o primeiro semestre de 2009, estamos organizando a edi\u00e7\u00e3o de uma revista virtual cujo objetivo \u00e9 a publica\u00e7\u00e3o dos resultados finais ou parciais das pesquisas, bem como o di\u00e1logo entre os pesquisadores e a comunidade acad\u00eamica e art\u00edstica.<\/p>\n","protected":false},"excerpt":{"rendered":"<p>O&nbsp;NACE \u2013 N\u00facleo Transdiciplinar de Pesquisa em Artes C\u00eanicas&nbsp;\u00e9 um&nbsp;Grupo de Pesquisa&nbsp;formado em 2003 que atua na \u00e1rea predominante de Lingu\u00edstica, Letras e Artes. \u00c9 um Grupo de Pesquisa do Departamento de Fotografia, Teatro e Cinema da Escola de Belas Artes da UFMG. Repercuss\u00f5es do trabalho do grupo O NACE, N\u00facleo de Pesquisa Transdisciplinar em [&hellip;]<\/p>\n","protected":false},"author":1,"featured_media":0,"comment_status":"open","ping_status":"open","sticky":false,"template":"","format":"standard","meta":{"saved_in_kubio":false,"footnotes":""},"categories":[1],"tags":[],"class_list":["post-162","post","type-post","status-publish","format-standard","hentry","category-sem-categoria"],"_links":{"self":[{"href":"https:\/\/napq.eba.ufmg.br\/index.php\/wp-json\/wp\/v2\/posts\/162","targetHints":{"allow":["GET"]}}],"collection":[{"href":"https:\/\/napq.eba.ufmg.br\/index.php\/wp-json\/wp\/v2\/posts"}],"about":[{"href":"https:\/\/napq.eba.ufmg.br\/index.php\/wp-json\/wp\/v2\/types\/post"}],"author":[{"embeddable":true,"href":"https:\/\/napq.eba.ufmg.br\/index.php\/wp-json\/wp\/v2\/users\/1"}],"replies":[{"embeddable":true,"href":"https:\/\/napq.eba.ufmg.br\/index.php\/wp-json\/wp\/v2\/comments?post=162"}],"version-history":[{"count":2,"href":"https:\/\/napq.eba.ufmg.br\/index.php\/wp-json\/wp\/v2\/posts\/162\/revisions"}],"predecessor-version":[{"id":205,"href":"https:\/\/napq.eba.ufmg.br\/index.php\/wp-json\/wp\/v2\/posts\/162\/revisions\/205"}],"wp:attachment":[{"href":"https:\/\/napq.eba.ufmg.br\/index.php\/wp-json\/wp\/v2\/media?parent=162"}],"wp:term":[{"taxonomy":"category","embeddable":true,"href":"https:\/\/napq.eba.ufmg.br\/index.php\/wp-json\/wp\/v2\/categories?post=162"},{"taxonomy":"post_tag","embeddable":true,"href":"https:\/\/napq.eba.ufmg.br\/index.php\/wp-json\/wp\/v2\/tags?post=162"}],"curies":[{"name":"wp","href":"https:\/\/api.w.org\/{rel}","templated":true}]}}