{"id":159,"date":"2023-05-16T11:49:00","date_gmt":"2023-05-16T14:49:00","guid":{"rendered":"https:\/\/napq.eba.ufmg.br\/?p=159"},"modified":"2023-05-22T15:05:16","modified_gmt":"2023-05-22T18:05:16","slug":"liberavox-grupo-de-pesquisa-sobre-a-vocalidade-e-a-musicalidade-da-polifonia","status":"publish","type":"post","link":"https:\/\/napq.eba.ufmg.br\/index.php\/2023\/05\/16\/liberavox-grupo-de-pesquisa-sobre-a-vocalidade-e-a-musicalidade-da-polifonia\/","title":{"rendered":"LiberaVox \u2013 Grupo de Pesquisa sobre a Vocalidade e a Musicalidade da Polifonia"},"content":{"rendered":"\n<p class=\"has-text-align-justify\">Tendo como foco o entrela\u00e7amento das pesquisas e metodologias da professora italiana Francesca Della Monica e do professor brasileiro Ernani Maletta, o grupo tem prioritariamente estabelecido uma ponte cultural entre Brasil e It\u00e1lia, na medida em que ambos os professores v\u00eam atuando continuamente nesses dois pa\u00edses e facilitado o interc\u00e2mbio de estudantes. O trabalho realizado pelo grupo se volta a um tema relevante, isto \u00e9, as a\u00e7\u00f5es vocais e musicais do artista c\u00eanico, n\u00e3o como uma pr\u00e1tica emprestada da M\u00fasica, mas como a\u00e7\u00f5es pr\u00f3prias do Teatro. Nos \u00faltimos anos, os princ\u00edpios e pr\u00e1ticas de Della Monica e Maletta v\u00eam se tornando referencial nos Estudos Vocais e Musicais para o Teatro, principalmente pela peculiaridade das metodologias criadas, por meio de suas pr\u00f3prias publica\u00e7\u00f5es, al\u00e9m de diversos artigos, monografias, disserta\u00e7\u00f5es, teses e livros que os citam e\/ou se baseiam neles.<br><br>Entre as atividades realizadas, destacam-se as oficinas, laborat\u00f3rios e semin\u00e1rios conduzidos por Della Monica e Maletta, tanto no Brasil quanto na It\u00e1lia, bem como os grupos de estudos conduzidos pelos pelos bolsistas de Inicia\u00e7\u00e3o Cient\u00edfica, como procedimento metodol\u00f3gico das pesquisas desenvolvidas.<br><br>Coordenador: Ernani Maletta<\/p>\n","protected":false},"excerpt":{"rendered":"<p>Tendo como foco o entrela\u00e7amento das pesquisas e metodologias da professora italiana Francesca Della Monica e do professor brasileiro Ernani Maletta, o grupo tem prioritariamente estabelecido uma ponte cultural entre Brasil e It\u00e1lia, na medida em que ambos os professores v\u00eam atuando continuamente nesses dois pa\u00edses e facilitado o interc\u00e2mbio de estudantes. O trabalho realizado [&hellip;]<\/p>\n","protected":false},"author":1,"featured_media":0,"comment_status":"open","ping_status":"open","sticky":false,"template":"","format":"standard","meta":{"saved_in_kubio":false,"footnotes":""},"categories":[1],"tags":[],"class_list":["post-159","post","type-post","status-publish","format-standard","hentry","category-sem-categoria"],"_links":{"self":[{"href":"https:\/\/napq.eba.ufmg.br\/index.php\/wp-json\/wp\/v2\/posts\/159","targetHints":{"allow":["GET"]}}],"collection":[{"href":"https:\/\/napq.eba.ufmg.br\/index.php\/wp-json\/wp\/v2\/posts"}],"about":[{"href":"https:\/\/napq.eba.ufmg.br\/index.php\/wp-json\/wp\/v2\/types\/post"}],"author":[{"embeddable":true,"href":"https:\/\/napq.eba.ufmg.br\/index.php\/wp-json\/wp\/v2\/users\/1"}],"replies":[{"embeddable":true,"href":"https:\/\/napq.eba.ufmg.br\/index.php\/wp-json\/wp\/v2\/comments?post=159"}],"version-history":[{"count":2,"href":"https:\/\/napq.eba.ufmg.br\/index.php\/wp-json\/wp\/v2\/posts\/159\/revisions"}],"predecessor-version":[{"id":204,"href":"https:\/\/napq.eba.ufmg.br\/index.php\/wp-json\/wp\/v2\/posts\/159\/revisions\/204"}],"wp:attachment":[{"href":"https:\/\/napq.eba.ufmg.br\/index.php\/wp-json\/wp\/v2\/media?parent=159"}],"wp:term":[{"taxonomy":"category","embeddable":true,"href":"https:\/\/napq.eba.ufmg.br\/index.php\/wp-json\/wp\/v2\/categories?post=159"},{"taxonomy":"post_tag","embeddable":true,"href":"https:\/\/napq.eba.ufmg.br\/index.php\/wp-json\/wp\/v2\/tags?post=159"}],"curies":[{"name":"wp","href":"https:\/\/api.w.org\/{rel}","templated":true}]}}