{"id":153,"date":"2023-05-16T11:47:26","date_gmt":"2023-05-16T14:47:26","guid":{"rendered":"https:\/\/napq.eba.ufmg.br\/?p=153"},"modified":"2023-05-22T15:04:55","modified_gmt":"2023-05-22T18:04:55","slug":"laboratorio-de-pesquisa-em-atuacao-cenica-lapa-ufmg-cnpq","status":"publish","type":"post","link":"https:\/\/napq.eba.ufmg.br\/index.php\/2023\/05\/16\/laboratorio-de-pesquisa-em-atuacao-cenica-lapa-ufmg-cnpq\/","title":{"rendered":"Laborat\u00f3rio de pesquisa em atua\u00e7\u00e3o c\u00eanica-LAPA-UFMG\/CNPq"},"content":{"rendered":"\n<p>Laborat\u00f3rio de pesquisa em atua\u00e7\u00e3o c\u00eanica (Grupo LAPA): Teatro f\u00edsico, mascaramento e a interpreta\u00e7\u00e3o teatral performativa<\/p>\n\n\n\n<p class=\"has-text-align-justify\"><strong>Objetivos:&nbsp;<\/strong>Fomenta pesquisas e forma\u00e7\u00f5es sobre a cena f\u00edsica, m\u00e1scara e mascaramento (objetual e corporal) e o teatro de tradi\u00e7\u00e3o popular, em perspectivas interdisciplinares, interculturais e decoloniais. Inclui estudos de improvisa\u00e7\u00e3o, atua\u00e7\u00e3o performativa, processo de cria\u00e7\u00e3o, artesania e cultura material de\/para atua\u00e7\u00e3o com t\u00e9cnicas c\u00eanicas relacionadas \u00e0 m\u00e1scara e mascaramento, \u00e0 M\u00edmica Corporal e ao Teatro do Oprimido. Realiza o Col\u00f3quio Internacional Mascaramento na Cena Expandida (3\u00aa edi\u00e7\u00e3o ocorrida em 2022). Possui parceria com a UFRN (Natal-RN) e Duo Mimexe (Belo Horizonte-MG).<\/p>\n\n\n\n<p>Coordenadora: Bya Braga (Maria Beatriz Braga Mendon\u00e7a)<\/p>\n","protected":false},"excerpt":{"rendered":"<p>Laborat\u00f3rio de pesquisa em atua\u00e7\u00e3o c\u00eanica (Grupo LAPA): Teatro f\u00edsico, mascaramento e a interpreta\u00e7\u00e3o teatral performativa Objetivos:&nbsp;Fomenta pesquisas e forma\u00e7\u00f5es sobre a cena f\u00edsica, m\u00e1scara e mascaramento (objetual e corporal) e o teatro de tradi\u00e7\u00e3o popular, em perspectivas interdisciplinares, interculturais e decoloniais. Inclui estudos de improvisa\u00e7\u00e3o, atua\u00e7\u00e3o performativa, processo de cria\u00e7\u00e3o, artesania e cultura material [&hellip;]<\/p>\n","protected":false},"author":1,"featured_media":0,"comment_status":"open","ping_status":"open","sticky":false,"template":"","format":"standard","meta":{"saved_in_kubio":false,"footnotes":""},"categories":[1],"tags":[],"class_list":["post-153","post","type-post","status-publish","format-standard","hentry","category-sem-categoria"],"_links":{"self":[{"href":"https:\/\/napq.eba.ufmg.br\/index.php\/wp-json\/wp\/v2\/posts\/153","targetHints":{"allow":["GET"]}}],"collection":[{"href":"https:\/\/napq.eba.ufmg.br\/index.php\/wp-json\/wp\/v2\/posts"}],"about":[{"href":"https:\/\/napq.eba.ufmg.br\/index.php\/wp-json\/wp\/v2\/types\/post"}],"author":[{"embeddable":true,"href":"https:\/\/napq.eba.ufmg.br\/index.php\/wp-json\/wp\/v2\/users\/1"}],"replies":[{"embeddable":true,"href":"https:\/\/napq.eba.ufmg.br\/index.php\/wp-json\/wp\/v2\/comments?post=153"}],"version-history":[{"count":2,"href":"https:\/\/napq.eba.ufmg.br\/index.php\/wp-json\/wp\/v2\/posts\/153\/revisions"}],"predecessor-version":[{"id":202,"href":"https:\/\/napq.eba.ufmg.br\/index.php\/wp-json\/wp\/v2\/posts\/153\/revisions\/202"}],"wp:attachment":[{"href":"https:\/\/napq.eba.ufmg.br\/index.php\/wp-json\/wp\/v2\/media?parent=153"}],"wp:term":[{"taxonomy":"category","embeddable":true,"href":"https:\/\/napq.eba.ufmg.br\/index.php\/wp-json\/wp\/v2\/categories?post=153"},{"taxonomy":"post_tag","embeddable":true,"href":"https:\/\/napq.eba.ufmg.br\/index.php\/wp-json\/wp\/v2\/tags?post=153"}],"curies":[{"name":"wp","href":"https:\/\/api.w.org\/{rel}","templated":true}]}}