{"id":137,"date":"2023-05-16T11:36:50","date_gmt":"2023-05-16T14:36:50","guid":{"rendered":"https:\/\/napq.eba.ufmg.br\/?p=137"},"modified":"2023-05-22T14:53:08","modified_gmt":"2023-05-22T17:53:08","slug":"elementos-materiais-da-cultura-e-patrimonio","status":"publish","type":"post","link":"https:\/\/napq.eba.ufmg.br\/index.php\/2023\/05\/16\/elementos-materiais-da-cultura-e-patrimonio\/","title":{"rendered":"Elementos Materiais da Cultura e Patrim\u00f4nio"},"content":{"rendered":"\n<p class=\"has-text-align-justify\">A pesquisa discute a variabilidade do conceito de valor no contexto da preserva\u00e7\u00e3o dos bens culturais, a diversidade da terminologia e a escassez de discuss\u00f5es espec\u00edficas na \u00e1rea da conserva\u00e7\u00e3o de papel. Prop\u00f5e a contribui\u00e7\u00e3o conceitual baseada na rela\u00e7\u00e3o entre valores, evid\u00eancias hist\u00f3ricas e camadas de dados em objetos culturais, bem como no impacto dos procedimentos de conserva\u00e7\u00e3o nestas camadas e apoia a abordagem social e material para a tomada de decis\u00e3o em preserva\u00e7\u00e3o e conserva\u00e7\u00e3o por meio da investiga\u00e7\u00e3o interdisciplinar de documentos gr\u00e1ficos, compreendendo-os como artefatos complexos.<br>Uma vertente deste projeto mais amplo intitulada \u201cValora\u00e7\u00e3o econ\u00f4mica e desenvolvimento tecnol\u00f3gico em Arquivos P\u00fablicos\u201d \u00e9 financiada pela Fapemig (2022-2025).<br><br>A pesquisa de P\u00f3s-Doutorado (Universidade Federal Fluminens) intitulada \u201cO valor dos arquivos hist\u00f3ricos e seus acervos para a sociedade e a administra\u00e7\u00e3o p\u00fablica: um estudo comparativo entre institui\u00e7\u00f5es do Brasil, Gr\u00e9cia e Portugal\u201d \u00e9 um bra\u00e7o dessa pesquisa e compreende um est\u00e1gio na Universidade West Attica, Gr\u00e9cia, financiado pela Capes (2023-2024.)<br>Coordenadores: Jos\u00e8 Newton Coelho e&nbsp;Meneses e M\u00e1rcia Almada<br><br>Links:<br><a rel=\"noreferrer noopener\" href=\"http:\/\/www.iluminuras.art.br\/\" target=\"_blank\">http:\/\/www.iluminuras.art.br\/<\/a><br><a rel=\"noreferrer noopener\" href=\"https:\/\/www.researchgate.net\/profile\/Marcia_Almada\" target=\"_blank\">https:\/\/www.researchgate.net\/profile\/Marcia_Almada<\/a><br><a rel=\"noreferrer noopener\" href=\"https:\/\/www.youtube.com\/channel\/UCPB7Lz4ZEKzy9000yFCUD0w\" target=\"_blank\">https:\/\/www.youtube.com\/channel\/UCPB7Lz4ZEKzy9000yFCUD0w<\/a><\/p>\n","protected":false},"excerpt":{"rendered":"<p>A pesquisa discute a variabilidade do conceito de valor no contexto da preserva\u00e7\u00e3o dos bens culturais, a diversidade da terminologia e a escassez de discuss\u00f5es espec\u00edficas na \u00e1rea da conserva\u00e7\u00e3o de papel. Prop\u00f5e a contribui\u00e7\u00e3o conceitual baseada na rela\u00e7\u00e3o entre valores, evid\u00eancias hist\u00f3ricas e camadas de dados em objetos culturais, bem como no impacto dos [&hellip;]<\/p>\n","protected":false},"author":1,"featured_media":0,"comment_status":"open","ping_status":"open","sticky":false,"template":"","format":"standard","meta":{"saved_in_kubio":false,"footnotes":""},"categories":[1],"tags":[],"class_list":["post-137","post","type-post","status-publish","format-standard","hentry","category-sem-categoria"],"_links":{"self":[{"href":"https:\/\/napq.eba.ufmg.br\/index.php\/wp-json\/wp\/v2\/posts\/137","targetHints":{"allow":["GET"]}}],"collection":[{"href":"https:\/\/napq.eba.ufmg.br\/index.php\/wp-json\/wp\/v2\/posts"}],"about":[{"href":"https:\/\/napq.eba.ufmg.br\/index.php\/wp-json\/wp\/v2\/types\/post"}],"author":[{"embeddable":true,"href":"https:\/\/napq.eba.ufmg.br\/index.php\/wp-json\/wp\/v2\/users\/1"}],"replies":[{"embeddable":true,"href":"https:\/\/napq.eba.ufmg.br\/index.php\/wp-json\/wp\/v2\/comments?post=137"}],"version-history":[{"count":2,"href":"https:\/\/napq.eba.ufmg.br\/index.php\/wp-json\/wp\/v2\/posts\/137\/revisions"}],"predecessor-version":[{"id":198,"href":"https:\/\/napq.eba.ufmg.br\/index.php\/wp-json\/wp\/v2\/posts\/137\/revisions\/198"}],"wp:attachment":[{"href":"https:\/\/napq.eba.ufmg.br\/index.php\/wp-json\/wp\/v2\/media?parent=137"}],"wp:term":[{"taxonomy":"category","embeddable":true,"href":"https:\/\/napq.eba.ufmg.br\/index.php\/wp-json\/wp\/v2\/categories?post=137"},{"taxonomy":"post_tag","embeddable":true,"href":"https:\/\/napq.eba.ufmg.br\/index.php\/wp-json\/wp\/v2\/tags?post=137"}],"curies":[{"name":"wp","href":"https:\/\/api.w.org\/{rel}","templated":true}]}}