{"id":127,"date":"2023-05-16T11:30:15","date_gmt":"2023-05-16T14:30:15","guid":{"rendered":"https:\/\/napq.eba.ufmg.br\/?p=127"},"modified":"2023-05-22T14:50:24","modified_gmt":"2023-05-22T17:50:24","slug":"analise-critica-de-filmes","status":"publish","type":"post","link":"https:\/\/napq.eba.ufmg.br\/index.php\/2023\/05\/16\/analise-critica-de-filmes\/","title":{"rendered":"AN\u00c1LISE CR\u00cdTICA DE FILMES"},"content":{"rendered":"\n<p>Linha de pesquisa: An\u00e1lise cr\u00edtica de filmes e obras audiovisuais.<\/p>\n\n\n\n<p class=\"has-text-align-justify\">Objetivos: Estabelecer crit\u00e9rios de an\u00e1lise f\u00edlmica, a partir do conhecimento da hist\u00f3ria, linguagem e narrativa cinematogr\u00e1ficas, com an\u00e1lise cr\u00edtica constante e sistem\u00e1tica de filmes consagrados pela Hist\u00f3ria do Cinema, bem como de lan\u00e7amentos recentes, procurando estimular a reflex\u00e3o cr\u00edtica e o pensamento te\u00f3rico no que se refere ao Cinema. Participa\u00e7\u00e3o em Congressos (nacionais e internacionais), Mostras de Filmes, Cine-comentados, Podcasts, Entrevistas para imprensa, apresentando trabalhos, ministrando palestras etc. Vinculado ao Projeto de Extens\u00e3o CINEMA EM FOCO (tamb\u00e9m pertencente ao Grupo de Pesquisa \u2013 CNPq \u2013 LABORAT\u00d3RIO MIDIA@RTE DA EBA\/UFMG e liderado pela Profa. Ana L\u00facia Andrade), em parceria com o site&nbsp;<em>Cinemat\u00f3rio<\/em>&nbsp;\u2013&nbsp;<em>Observando a S\u00e9tima Arte<\/em>&nbsp;(<a href=\"http:\/\/www.cinematorio.com.br\/\"><u>www.cinematorio.com.br<\/u><\/a>), relevante fornecedor de conte\u00fado na \u00e1rea. Produz&nbsp;<em>podcasts<\/em>, de veicula\u00e7\u00e3o semanal, com dura\u00e7\u00e3o m\u00e9dia vari\u00e1vel de 80 a 120 minutos, em que s\u00e3o debatidos diversos temas ligados a Cinema, com equipe de professores, alunos e ex-alunos (em parceria . Produ\u00e7\u00f5es T\u00e9cnicas realizadas recentemente: Podcasts \u2013 Total de 67 podcasts gravados, sendo: 17, em 2019; 18, em 2020; 18, em 2021; e 14, em 2022 (at\u00e9 outubro de 2022) \u2013 dispon\u00edveis no site: &lt;<a href=\"http:\/\/cinematorio.com.br\/\"><u>cinematorio.com.br<\/u><\/a>&gt;<\/p>\n\n\n\n<p>Coordenadora: Ana L\u00facia Andrade (FTC \/ EBA \/ UFMG).<\/p>\n\n\n\n<p><\/p>\n","protected":false},"excerpt":{"rendered":"<p>Linha de pesquisa: An\u00e1lise cr\u00edtica de filmes e obras audiovisuais. Objetivos: Estabelecer crit\u00e9rios de an\u00e1lise f\u00edlmica, a partir do conhecimento da hist\u00f3ria, linguagem e narrativa cinematogr\u00e1ficas, com an\u00e1lise cr\u00edtica constante e sistem\u00e1tica de filmes consagrados pela Hist\u00f3ria do Cinema, bem como de lan\u00e7amentos recentes, procurando estimular a reflex\u00e3o cr\u00edtica e o pensamento te\u00f3rico no que [&hellip;]<\/p>\n","protected":false},"author":1,"featured_media":0,"comment_status":"open","ping_status":"open","sticky":false,"template":"","format":"standard","meta":{"saved_in_kubio":false,"footnotes":""},"categories":[1],"tags":[],"class_list":["post-127","post","type-post","status-publish","format-standard","hentry","category-sem-categoria"],"_links":{"self":[{"href":"https:\/\/napq.eba.ufmg.br\/index.php\/wp-json\/wp\/v2\/posts\/127","targetHints":{"allow":["GET"]}}],"collection":[{"href":"https:\/\/napq.eba.ufmg.br\/index.php\/wp-json\/wp\/v2\/posts"}],"about":[{"href":"https:\/\/napq.eba.ufmg.br\/index.php\/wp-json\/wp\/v2\/types\/post"}],"author":[{"embeddable":true,"href":"https:\/\/napq.eba.ufmg.br\/index.php\/wp-json\/wp\/v2\/users\/1"}],"replies":[{"embeddable":true,"href":"https:\/\/napq.eba.ufmg.br\/index.php\/wp-json\/wp\/v2\/comments?post=127"}],"version-history":[{"count":2,"href":"https:\/\/napq.eba.ufmg.br\/index.php\/wp-json\/wp\/v2\/posts\/127\/revisions"}],"predecessor-version":[{"id":195,"href":"https:\/\/napq.eba.ufmg.br\/index.php\/wp-json\/wp\/v2\/posts\/127\/revisions\/195"}],"wp:attachment":[{"href":"https:\/\/napq.eba.ufmg.br\/index.php\/wp-json\/wp\/v2\/media?parent=127"}],"wp:term":[{"taxonomy":"category","embeddable":true,"href":"https:\/\/napq.eba.ufmg.br\/index.php\/wp-json\/wp\/v2\/categories?post=127"},{"taxonomy":"post_tag","embeddable":true,"href":"https:\/\/napq.eba.ufmg.br\/index.php\/wp-json\/wp\/v2\/tags?post=127"}],"curies":[{"name":"wp","href":"https:\/\/api.w.org\/{rel}","templated":true}]}}